{"id":2950,"date":"2024-08-16T18:59:53","date_gmt":"2024-08-16T15:59:53","guid":{"rendered":"https:\/\/dev.erdemkiramer.com\/?p=2950"},"modified":"2024-08-16T19:18:38","modified_gmt":"2024-08-16T16:18:38","slug":"kuaforler-dernegi-tesekkur-odulunu-h-ozcan-aldi","status":"publish","type":"post","link":"https:\/\/etiler.erdemkiramer.com\/en\/kuaforler-dernegi-tesekkur-odulunu-h-ozcan-aldi\/","title":{"rendered":"Kuaf\u00f6rler Derne\u011fi Te\u015fekk\u00fcr \u00d6d\u00fcl\u00fcn\u00fc H. \u00d6zcan Ald\u0131"},"content":{"rendered":"<h2>Kuaf\u00f6rler Derne\u011fi Te\u015fekk\u00fcr \u00d6d\u00fcl\u00fcn\u00fc Erdem K\u0131ramer Kurucu Ortaklar\u0131ndan H. \u00d6zcan Ald\u0131<\/h2>\r\n<h2><img fetchpriority=\"high\" decoding=\"async\" class=\"alignnone size-medium wp-image-2963\" style=\"font-size: 16px;\" src=\"https:\/\/dev.erdemkiramer.com\/wp-content\/uploads\/2024\/08\/photo1707910512-3-225x300.jpeg\" alt=\"\" width=\"225\" height=\"300\" title=\"\" srcset=\"https:\/\/etiler.erdemkiramer.com\/wp-content\/uploads\/2024\/08\/photo1707910512-3-225x300.jpeg 225w, https:\/\/etiler.erdemkiramer.com\/wp-content\/uploads\/2024\/08\/photo1707910512-3.jpeg 768w\" sizes=\"(max-width: 225px) 100vw, 225px\" \/><\/h2>","protected":false},"excerpt":{"rendered":"<p>Kuaf\u00f6rler Derne\u011fi Te\u015fekk\u00fcr \u00d6d\u00fcl\u00fcn\u00fc Erdem K\u0131ramer Kurucu Ortaklar\u0131ndan H. \u00d6zcan Ald\u0131<\/p>","protected":false},"author":1,"featured_media":2951,"comment_status":"open","ping_status":"open","sticky":false,"template":"","format":"standard","meta":{"inline_featured_image":false,"footnotes":""},"categories":[28],"tags":[],"class_list":["post-2950","post","type-post","status-publish","format-standard","has-post-thumbnail","hentry","category-bizden-haberler"],"_links":{"self":[{"href":"https:\/\/etiler.erdemkiramer.com\/en\/wp-json\/wp\/v2\/posts\/2950","targetHints":{"allow":["GET"]}}],"collection":[{"href":"https:\/\/etiler.erdemkiramer.com\/en\/wp-json\/wp\/v2\/posts"}],"about":[{"href":"https:\/\/etiler.erdemkiramer.com\/en\/wp-json\/wp\/v2\/types\/post"}],"author":[{"embeddable":true,"href":"https:\/\/etiler.erdemkiramer.com\/en\/wp-json\/wp\/v2\/users\/1"}],"replies":[{"embeddable":true,"href":"https:\/\/etiler.erdemkiramer.com\/en\/wp-json\/wp\/v2\/comments?post=2950"}],"version-history":[{"count":0,"href":"https:\/\/etiler.erdemkiramer.com\/en\/wp-json\/wp\/v2\/posts\/2950\/revisions"}],"wp:featuredmedia":[{"embeddable":true,"href":"https:\/\/etiler.erdemkiramer.com\/en\/wp-json\/wp\/v2\/media\/2951"}],"wp:attachment":[{"href":"https:\/\/etiler.erdemkiramer.com\/en\/wp-json\/wp\/v2\/media?parent=2950"}],"wp:term":[{"taxonomy":"category","embeddable":true,"href":"https:\/\/etiler.erdemkiramer.com\/en\/wp-json\/wp\/v2\/categories?post=2950"},{"taxonomy":"post_tag","embeddable":true,"href":"https:\/\/etiler.erdemkiramer.com\/en\/wp-json\/wp\/v2\/tags?post=2950"}],"curies":[{"name":"wp","href":"https:\/\/api.w.org\/{rel}","templated":true}]}}