{"id":2958,"date":"2023-06-16T19:07:36","date_gmt":"2023-06-16T16:07:36","guid":{"rendered":"https:\/\/dev.erdemkiramer.com\/?p=2958"},"modified":"2024-08-16T19:22:33","modified_gmt":"2024-08-16T16:22:33","slug":"schwarzkopf-esteticaya-konuk-olduk","status":"publish","type":"post","link":"https:\/\/etiler.erdemkiramer.com\/en\/schwarzkopf-esteticaya-konuk-olduk\/","title":{"rendered":"Schwarzkopf Estetica&#8217;ya Konuk Olduk"},"content":{"rendered":"Erdem K\u0131ramer Etiler Kurucular\u0131ndan H. \u00d6zcan Schwarzkopf&#8217;un d\u00fczenledi\u011fi Estetica&#8217;da etkinli\u011finde tecr\u00fcbelerini payla\u015ft\u0131","protected":false},"excerpt":{"rendered":"<p>Erdem K\u0131ramer Etiler Kurucular\u0131ndan H. \u00d6zcan Schwarzkopf&#8217;un d\u00fczenledi\u011fi Estetica&#8217;da etkinli\u011finde tecr\u00fcbelerini payla\u015ft\u0131<\/p>","protected":false},"author":1,"featured_media":0,"comment_status":"open","ping_status":"open","sticky":false,"template":"","format":"standard","meta":{"inline_featured_image":false,"footnotes":""},"categories":[27],"tags":[],"class_list":["post-2958","post","type-post","status-publish","format-standard","hentry","category-gelismeler"],"_links":{"self":[{"href":"https:\/\/etiler.erdemkiramer.com\/en\/wp-json\/wp\/v2\/posts\/2958","targetHints":{"allow":["GET"]}}],"collection":[{"href":"https:\/\/etiler.erdemkiramer.com\/en\/wp-json\/wp\/v2\/posts"}],"about":[{"href":"https:\/\/etiler.erdemkiramer.com\/en\/wp-json\/wp\/v2\/types\/post"}],"author":[{"embeddable":true,"href":"https:\/\/etiler.erdemkiramer.com\/en\/wp-json\/wp\/v2\/users\/1"}],"replies":[{"embeddable":true,"href":"https:\/\/etiler.erdemkiramer.com\/en\/wp-json\/wp\/v2\/comments?post=2958"}],"version-history":[{"count":0,"href":"https:\/\/etiler.erdemkiramer.com\/en\/wp-json\/wp\/v2\/posts\/2958\/revisions"}],"wp:attachment":[{"href":"https:\/\/etiler.erdemkiramer.com\/en\/wp-json\/wp\/v2\/media?parent=2958"}],"wp:term":[{"taxonomy":"category","embeddable":true,"href":"https:\/\/etiler.erdemkiramer.com\/en\/wp-json\/wp\/v2\/categories?post=2958"},{"taxonomy":"post_tag","embeddable":true,"href":"https:\/\/etiler.erdemkiramer.com\/en\/wp-json\/wp\/v2\/tags?post=2958"}],"curies":[{"name":"wp","href":"https:\/\/api.w.org\/{rel}","templated":true}]}}